{"id":5361,"date":"2026-02-17T18:00:00","date_gmt":"2026-02-17T17:00:00","guid":{"rendered":"https:\/\/www.amicitiachristi.tv\/?p=5361"},"modified":"2026-02-16T18:35:05","modified_gmt":"2026-02-16T17:35:05","slug":"s-e-mons-f-cavina-omelie-5-tempo-ordinario-anno-a","status":"publish","type":"post","link":"https:\/\/www.amicitiachristi.tv\/?p=5361","title":{"rendered":"S.E. mons. F. Cavina &#8211; Omelie &#8211; 5\u00b0 Tempo Ordinario, anno A"},"content":{"rendered":"\n<p>Ai poveri in spirito, ai miti, agli umili, agli operatori di pace e ai perseguitati Ges\u00f9 rivolge parole sorprendenti: \u00abVoi siete il sale della terra, voi siete la luce del mondo\u00bb. <strong>Due immagini semplici e potenti che rivelano una verit\u00e0 essenziale: il Vangelo non \u00e8 per pochi, ma \u00e8 una parola destinata a tutti.<\/strong><\/p>\n\n\n\n<p>Il sale d\u00e0 sapore. Senza sale il cibo \u00e8 insipido, uniforme, privo di gusto. Applicata alla fede, questa immagine ci provoca: a che cosa serve credere? Che differenza fa accogliere o rifiutare Cristo, vivere o meno le Beatitudini? Ges\u00f9 risponde con chiarezza: <strong>la fede d\u00e0 sapore alla vita, le restituisce gusto e senso.<\/strong> In un mondo spesso segnato da banalit\u00e0, noia e violenza, dove si parla continuamente di \u201cqualit\u00e0 della vita\u201d, molti rischiano di non percepirne pi\u00f9 il dono e la responsabilit\u00e0. Con Cristo, invece, tutto acquista significato: la gioia e la fatica, la sofferenza e la persecuzione, la vecchiaia e la morte. Nulla \u00e8 escluso dalla luce del Vangelo.<\/p>\n\n\n\n<p>\u00abVoi siete la luce del mondo\u00bb. Senza luce non esistono colori, bellezza, vita. La luce \u00e8 condizione essenziale per esistere. <strong>Il discepolo \u00e8 chiamato a riflettere questa luce, non a produrla da s\u00e9.<\/strong> La luce non viene da noi: \u00e8 il Signore che illumina, ma sceglie di farlo attraverso le nostre persone e le nostre opere buone, nella logica dell\u2019incarnazione.<\/p>\n\n\n\n<p>Ges\u00f9 affida questa missione a uomini e donne poveri, fragili, peccatori. Non \u00e8 un invito al successo o alla visibilit\u00e0, ma alla trasparenza. <strong>Il cristiano non pu\u00f2 vivere nell\u2019anonimato: \u00e8 chiamato a rendere visibile, con la propria vita, la forza trasformante del Vangelo.<\/strong> \u00c8 un compito esigente ma possibile, se ci si fida e ci si affida a Cristo, vivendo con coerenza la fede che si professa.<\/p>\n\n\n\n<figure class=\"wp-block-embed is-type-video is-provider-youtube wp-block-embed-youtube wp-embed-aspect-16-9 wp-has-aspect-ratio\"><div class=\"wp-block-embed__wrapper\">\n<iframe title=\"S.E. mons. F. Cavina - Omelie - 5\u00b0 Tempo Ordinario, anno A\" width=\"749\" height=\"421\" src=\"https:\/\/www.youtube.com\/embed\/JcYurjogRWI?feature=oembed\" frameborder=\"0\" allow=\"accelerometer; autoplay; clipboard-write; encrypted-media; gyroscope; picture-in-picture; web-share\" referrerpolicy=\"strict-origin-when-cross-origin\" allowfullscreen><\/iframe>\n<\/div><\/figure>\n","protected":false},"excerpt":{"rendered":"<p>Ai poveri in spirito, ai miti, agli umili, agli operatori di pace e ai perseguitati Ges\u00f9 rivolge parole sorprendenti: \u00abVoi siete il sale della terra, voi siete la luce del mondo\u00bb. Due immagini semplici e potenti che rivelano una verit\u00e0 essenziale: il Vangelo non \u00e8 per pochi, ma \u00e8 una parola destinata a tutti. Il<\/p>\n","protected":false},"author":3,"featured_media":5296,"comment_status":"open","ping_status":"open","sticky":false,"template":"","format":"standard","meta":{"footnotes":""},"categories":[1],"tags":[271,226,269,270],"class_list":{"0":"post-5361","1":"post","2":"type-post","3":"status-publish","4":"format-standard","5":"has-post-thumbnail","7":"category-senza-categoria","8":"tag-cristiano","9":"tag-fede","10":"tag-mons-f-cavina","11":"tag-vangelo"},"_links":{"self":[{"href":"https:\/\/www.amicitiachristi.tv\/index.php?rest_route=\/wp\/v2\/posts\/5361","targetHints":{"allow":["GET"]}}],"collection":[{"href":"https:\/\/www.amicitiachristi.tv\/index.php?rest_route=\/wp\/v2\/posts"}],"about":[{"href":"https:\/\/www.amicitiachristi.tv\/index.php?rest_route=\/wp\/v2\/types\/post"}],"author":[{"embeddable":true,"href":"https:\/\/www.amicitiachristi.tv\/index.php?rest_route=\/wp\/v2\/users\/3"}],"replies":[{"embeddable":true,"href":"https:\/\/www.amicitiachristi.tv\/index.php?rest_route=%2Fwp%2Fv2%2Fcomments&post=5361"}],"version-history":[{"count":1,"href":"https:\/\/www.amicitiachristi.tv\/index.php?rest_route=\/wp\/v2\/posts\/5361\/revisions"}],"predecessor-version":[{"id":5362,"href":"https:\/\/www.amicitiachristi.tv\/index.php?rest_route=\/wp\/v2\/posts\/5361\/revisions\/5362"}],"wp:featuredmedia":[{"embeddable":true,"href":"https:\/\/www.amicitiachristi.tv\/index.php?rest_route=\/wp\/v2\/media\/5296"}],"wp:attachment":[{"href":"https:\/\/www.amicitiachristi.tv\/index.php?rest_route=%2Fwp%2Fv2%2Fmedia&parent=5361"}],"wp:term":[{"taxonomy":"category","embeddable":true,"href":"https:\/\/www.amicitiachristi.tv\/index.php?rest_route=%2Fwp%2Fv2%2Fcategories&post=5361"},{"taxonomy":"post_tag","embeddable":true,"href":"https:\/\/www.amicitiachristi.tv\/index.php?rest_route=%2Fwp%2Fv2%2Ftags&post=5361"}],"curies":[{"name":"wp","href":"https:\/\/api.w.org\/{rel}","templated":true}]}}