{"id":5394,"date":"2026-03-01T18:00:00","date_gmt":"2026-03-01T17:00:00","guid":{"rendered":"https:\/\/www.amicitiachristi.tv\/?p=5394"},"modified":"2026-02-28T18:40:03","modified_gmt":"2026-02-28T17:40:03","slug":"s-e-mons-f-cavina-omelie-i-domenica-di-quaresima-anno-a","status":"publish","type":"post","link":"https:\/\/www.amicitiachristi.tv\/?p=5394","title":{"rendered":"S.E. mons. F. Cavina &#8211; Omelie &#8211; I\u00b0 domenica di Quaresima, anno A"},"content":{"rendered":"\n<p>In questa prima domenica di Quaresima la liturgia ci pone una domanda decisiva: con chi vogliamo stare? Con Adamo ed Eva, che hanno scelto la via della disobbedienza a DIO, oppure con Cristo, il nuovo Adamo, che ha percorso la via dell\u2019obbedienza e della fedelt\u00e0?<\/p>\n\n\n\n<p>Il libro della Genesi ci conduce alle origini e ci ricorda che l\u2019uomo \u00e8 plasmato dalla terra: \u00e8 polvere, creatura fragile e limitata. Ma quella polvere \u00e8 stata raggiunta dal soffio di DIO. L\u2019essere umano non \u00e8 soltanto materia, \u00e8 creatura voluta a immagine e somiglianza di DIO, chiamata alla comunione con Lui. In questo sta la sua vera dignit\u00e0.<\/p>\n\n\n\n<p>Per custodire questa verit\u00e0, DIO pone un limite: non mangiare dell\u2019albero della conoscenza del bene e del male. Non \u00e8 un divieto capriccioso, ma il segno che l\u2019uomo non \u00e8 il creatore. <strong>La tentazione nasce quando il limite, che \u00e8 custodia della comunione, viene reinterpretato come ostacolo alla felicit\u00e0.<\/strong> Il serpente insinua il sospetto che DIO non voglia il bene dell\u2019uomo. Cos\u00ec il peccato si presenta sotto apparenze attraenti e promettenti: non scegliamo il male perch\u00e9 lo riconosciamo tale, ma perch\u00e9 lo scambiamo per un bene pi\u00f9 facile. Il risultato \u00e8 drammatico: paura, vergogna, rottura. Il peccato non rende pi\u00f9 grandi, rende pi\u00f9 soli.<\/p>\n\n\n\n<p>Nel Vangelo, nel deserto, anche Ges\u00f9 \u00e8 tentato. Le seduzioni toccano i bisogni materiali, il successo, il potere. <strong>Dove il primo uomo ha scelto l\u2019autonomia, Cristo sceglie l\u2019obbedienza amorosa al Padre.<\/strong> Rimane saldo nella Parola di DIO, senza compromessi.<\/p>\n\n\n\n<p>Ogni giorno siamo davanti alla stessa alternativa. <strong>Ogni volta che scegliamo di fare a meno di DIO non diventiamo pi\u00f9 liberi, ma pi\u00f9 vulnerabili.<\/strong> La Quaresima \u00e8 tempo di realismo e fiducia: riconosciamo la nostra fragilit\u00e0, ma confidiamo che Cristo ha gi\u00e0 vinto. La gloria di DIO \u00e8 l\u2019uomo vivente: questa \u00e8 la meta del nostro cammino.<\/p>\n\n\n\n<figure class=\"wp-block-embed is-type-video is-provider-youtube wp-block-embed-youtube wp-embed-aspect-16-9 wp-has-aspect-ratio\"><div class=\"wp-block-embed__wrapper\">\n<iframe title=\"S.E. mons. F. Cavina - Omelie - I\u00b0 domenica di Quaresima, anno A\" width=\"749\" height=\"421\" src=\"https:\/\/www.youtube.com\/embed\/fL4yNmTa3GY?feature=oembed\" frameborder=\"0\" allow=\"accelerometer; autoplay; clipboard-write; encrypted-media; gyroscope; picture-in-picture; web-share\" referrerpolicy=\"strict-origin-when-cross-origin\" allowfullscreen><\/iframe>\n<\/div><\/figure>\n","protected":false},"excerpt":{"rendered":"<p>In questa prima domenica di Quaresima la liturgia ci pone una domanda decisiva: con chi vogliamo stare? Con Adamo ed Eva, che hanno scelto la via della disobbedienza a DIO, oppure con Cristo, il nuovo Adamo, che ha percorso la via dell\u2019obbedienza e della fedelt\u00e0? Il libro della Genesi ci conduce alle origini e ci<\/p>\n","protected":false},"author":3,"featured_media":5296,"comment_status":"open","ping_status":"open","sticky":false,"template":"","format":"standard","meta":{"footnotes":""},"categories":[1],"tags":[298,297,299,234],"class_list":{"0":"post-5394","1":"post","2":"type-post","3":"status-publish","4":"format-standard","5":"has-post-thumbnail","7":"category-senza-categoria","8":"tag-felicita","9":"tag-genesi","10":"tag-obbedienza","11":"tag-peccato"},"_links":{"self":[{"href":"https:\/\/www.amicitiachristi.tv\/index.php?rest_route=\/wp\/v2\/posts\/5394","targetHints":{"allow":["GET"]}}],"collection":[{"href":"https:\/\/www.amicitiachristi.tv\/index.php?rest_route=\/wp\/v2\/posts"}],"about":[{"href":"https:\/\/www.amicitiachristi.tv\/index.php?rest_route=\/wp\/v2\/types\/post"}],"author":[{"embeddable":true,"href":"https:\/\/www.amicitiachristi.tv\/index.php?rest_route=\/wp\/v2\/users\/3"}],"replies":[{"embeddable":true,"href":"https:\/\/www.amicitiachristi.tv\/index.php?rest_route=%2Fwp%2Fv2%2Fcomments&post=5394"}],"version-history":[{"count":1,"href":"https:\/\/www.amicitiachristi.tv\/index.php?rest_route=\/wp\/v2\/posts\/5394\/revisions"}],"predecessor-version":[{"id":5395,"href":"https:\/\/www.amicitiachristi.tv\/index.php?rest_route=\/wp\/v2\/posts\/5394\/revisions\/5395"}],"wp:featuredmedia":[{"embeddable":true,"href":"https:\/\/www.amicitiachristi.tv\/index.php?rest_route=\/wp\/v2\/media\/5296"}],"wp:attachment":[{"href":"https:\/\/www.amicitiachristi.tv\/index.php?rest_route=%2Fwp%2Fv2%2Fmedia&parent=5394"}],"wp:term":[{"taxonomy":"category","embeddable":true,"href":"https:\/\/www.amicitiachristi.tv\/index.php?rest_route=%2Fwp%2Fv2%2Fcategories&post=5394"},{"taxonomy":"post_tag","embeddable":true,"href":"https:\/\/www.amicitiachristi.tv\/index.php?rest_route=%2Fwp%2Fv2%2Ftags&post=5394"}],"curies":[{"name":"wp","href":"https:\/\/api.w.org\/{rel}","templated":true}]}}